{"id":2078,"date":"2025-11-29T11:02:52","date_gmt":"2025-11-29T11:02:52","guid":{"rendered":"https:\/\/remorauscher.at\/projekt-lina\/?p=2078"},"modified":"2025-12-01T13:11:37","modified_gmt":"2025-12-01T13:11:37","slug":"zweifache-praemierung-am-best-austrian-animation-festival","status":"publish","type":"post","link":"https:\/\/remorauscher.at\/projekt-lina\/2025\/11\/29\/zweifache-praemierung-am-best-austrian-animation-festival\/","title":{"rendered":"Zweifache Pr\u00e4mierung am Best Austrian Animation Festival"},"content":{"rendered":"\n<p>Die Vorfreude w\u00e4hrte schon f\u00fcr eine ganze Weile. Lange hatte ich nicht mehr die Chance beim BAAF in Wien dabei zu sein. Zuletzt 2013, wie die Poster bei der Ausstellung von damals berichten. Das Screening am Mittwoch verl\u00e4uft wunderbar. Sehr sympathische und sattelfeste Moderation durch Karo Preuschl. Der Block &#8220;<a href=\"https:\/\/www.baaf.at\/project\/baa-wettbewerb-3\">Unabh\u00e4ngige Arbeiten 1 &#8230; \u00fcber die Menschen<\/a>&#8221; hat es in sich. Meine anf\u00e4ngliche Skepsis \u00fcber die fr\u00fche Programmierung als zweiter Film in der Liste verfl\u00fcchtigt sich rasch. Denn ich empfinde es immer noch als schwierig, den Film in einer Reihe von unterschiedlichsten Arbeiten zu platzieren. Aber Thomas Renoldner und Sabine Groschup f\u00fchren in feinsinniger Handhabe durch die prek\u00e4ren Welten des heutigen Programms.<\/p>\n\n\n\n<p>Ich bin in voller Besetzung angereist: Nico und Franka sind dabei und wir haben f\u00fcr sp\u00e4ter ein Zimmer in der N\u00e4he des Hauptbahnhofs gebucht. Und die Stimmung nach der Auff\u00fchrung l\u00e4dt zum Verweilen ein, denn die Gespr\u00e4che bleiben spannend, das Feedback durchwegs positiv und gespickt mit eigenen Erfahrungen zum Tabu. In der Menge h\u00f6re ich jemanden meinen Namen rufen, finde aber auf Anhieb kein bekanntes Gesicht dazu. Bis sie mir entgegen l\u00e4chelt. Hannah Baier vom Verein ZOE aus Linz wurde mir bereits von ihrer Kollegin per Email angek\u00fcndigt. Sie wolle die Gelegenheit nutzen, um \u00fcber die m\u00f6gliche Ausstellung im Kepler Universit\u00e4tsklinikum zu sprechen. Auch ihr Partner Lukas ist dabei und wir finden unsere gemeinsamen Urspr\u00fcnge im Raum Gmunden. Die Welt ist klein und das Paar super-sympathisch. Ich freue mich \u00fcber die kommende Zusammenarbeit und mir imponiert ihre Haltung und Berufung zur sozialen Arbeit. Denn auch der Verein ZOE ist auf Spenden und Ehrenamt angewiesen. An diesen Enden des Spektrums gelangt zu wenig politisches Licht hin. Wobei ich erfahre, dass die derzeitige Bundesministerin f\u00fcr Europa, Integration und Familie gro\u00dfes Engagement f\u00fcr einen verbesserten Mutterschutz bei Fehl- oder Fr\u00fchgeburten zeigt. Am Tag nach dem Gespr\u00e4ch sende ich Claudia Plakolm eine Einladung zum Film und biete die Ressourcen von Projekt Lina zur freien Verwendung an. Denn das Werkzeug k\u00f6nnte ja auch Entscheidungstr\u00e4ger:innen die T\u00fcren zum Thema \u00f6ffnen und Notwendigkeiten erkennen lassen.<\/p>\n\n\n\n<figure class=\"wp-block-image size-large\"><img loading=\"lazy\" decoding=\"async\" width=\"1024\" height=\"768\" src=\"https:\/\/remorauscher.at\/projekt-lina\/wp-content\/uploads\/2025\/11\/251127_BAAF_LukasPehofer-1-1024x768.jpeg\" alt=\"\" class=\"wp-image-2080\" srcset=\"https:\/\/remorauscher.at\/projekt-lina\/wp-content\/uploads\/2025\/11\/251127_BAAF_LukasPehofer-1-1024x768.jpeg 1024w, https:\/\/remorauscher.at\/projekt-lina\/wp-content\/uploads\/2025\/11\/251127_BAAF_LukasPehofer-1-300x225.jpeg 300w, https:\/\/remorauscher.at\/projekt-lina\/wp-content\/uploads\/2025\/11\/251127_BAAF_LukasPehofer-1-768x576.jpeg 768w, https:\/\/remorauscher.at\/projekt-lina\/wp-content\/uploads\/2025\/11\/251127_BAAF_LukasPehofer-1-1536x1152.jpeg 1536w, https:\/\/remorauscher.at\/projekt-lina\/wp-content\/uploads\/2025\/11\/251127_BAAF_LukasPehofer-1-2048x1536.jpeg 2048w, https:\/\/remorauscher.at\/projekt-lina\/wp-content\/uploads\/2025\/11\/251127_BAAF_LukasPehofer-1-1920x1440.jpeg 1920w, https:\/\/remorauscher.at\/projekt-lina\/wp-content\/uploads\/2025\/11\/251127_BAAF_LukasPehofer-1-720x540.jpeg 720w, https:\/\/remorauscher.at\/projekt-lina\/wp-content\/uploads\/2025\/11\/251127_BAAF_LukasPehofer-1-580x435.jpeg 580w, https:\/\/remorauscher.at\/projekt-lina\/wp-content\/uploads\/2025\/11\/251127_BAAF_LukasPehofer-1-320x240.jpeg 320w\" sizes=\"auto, (max-width: 1024px) 100vw, 1024px\" \/><figcaption class=\"wp-element-caption\">Publikumsgespr\u00e4ch mit Karo Preuschl im Filmcasino Wien. <strong>\u00a9<\/strong> <a href=\"https:\/\/www.lukaspehofer.at\/\">Lukas Prehofer<\/a><\/figcaption><\/figure>\n\n\n\n<p>Ich begegne weiteren Filmemacher:innen, unter anderem Irene Villanueva aus Ober\u00f6sterreich. Ihre expressive Arbeit zur Realit\u00e4t von Femiziden in \u00d6sterreich geht brachial unter die Haut. Ein heftige Realit\u00e4t, die im Minimalismus der Darstellung ein Maximum an Wirksamkeit erzeugt. Auch die Arbeit F22.0 von Regina Hofer spricht \u00fcber ein unterbelichtetes Krankheitsbild: der wahnhaften St\u00f6rung. Wobei sie im Publikumsgespr\u00e4ch verlautbart, dass die Patienten in der Psychiatrie meist ganz normale Menschen sind. Ein Mitarbeiter habe sogar mal gesagt: &#8220;Das Einzige, was uns von den Patient:innen unterscheidet, ist der Schl\u00fcssel.&#8221; (<a href=\"https:\/\/www.luftschacht.com\/produkt\/regina-hofer-leopold-maurer-f22-0\/\">F22.0 &#8211; Graphic Novel, Hofer &amp; Maurer 2023<\/a>)<\/p>\n\n\n\n<p>Der Abend verfliegt und wir sind mit der Festivalleitung und den Mitarbeiter:innen die letzten im Filmcasino. Unser Baby schl\u00e4ft schon in den Armen der Mama, die immer noch mit Sabine plaudert. Die Geschichten aus dem N\u00e4hk\u00e4stchen hinter den Kulissen der Szene und in der Vergangenheit des gemeinsamen Schaffens mit Thomas veranschaulichen die Leidenschaft, mit der die Crew seit mittlerweile Jahrzehnten das Kulturgut des Animationsfilms pr\u00e4gt und pflegt. Und hier passiert das &#8220;Best-Case-Scenario&#8221;, wie ich es einem Freund sp\u00e4ter am Telefon schildere. Die Leitung empfiehlt mir durch die Blume, doch bitte am Freitag bei der Preisverleihung anwesend zu sein. Ob man mir dazu ein Zugticket kaufen solle, fragt Thomas augenzwinkernd und ich lehne dankend ab. Und so folgt der Abschied beim Taxi vor der T\u00fcr und man winkt sich mit den Worten: &#8220;Bis Freitag dann. Okay?&#8221; \u2013&nbsp;Und eine Welle der Euphorie durchstr\u00f6mt das Denken und hindert mich diese Nacht am Einschlafen.<\/p>\n\n\n\n<figure class=\"wp-block-image size-large\"><img loading=\"lazy\" decoding=\"async\" width=\"1024\" height=\"576\" src=\"https:\/\/remorauscher.at\/projekt-lina\/wp-content\/uploads\/2025\/11\/251127_BAAF-3-1024x576.jpeg\" alt=\"\" class=\"wp-image-2081\" srcset=\"https:\/\/remorauscher.at\/projekt-lina\/wp-content\/uploads\/2025\/11\/251127_BAAF-3-1024x576.jpeg 1024w, https:\/\/remorauscher.at\/projekt-lina\/wp-content\/uploads\/2025\/11\/251127_BAAF-3-300x169.jpeg 300w, https:\/\/remorauscher.at\/projekt-lina\/wp-content\/uploads\/2025\/11\/251127_BAAF-3-768x432.jpeg 768w, https:\/\/remorauscher.at\/projekt-lina\/wp-content\/uploads\/2025\/11\/251127_BAAF-3-1536x864.jpeg 1536w, https:\/\/remorauscher.at\/projekt-lina\/wp-content\/uploads\/2025\/11\/251127_BAAF-3-2048x1152.jpeg 2048w, https:\/\/remorauscher.at\/projekt-lina\/wp-content\/uploads\/2025\/11\/251127_BAAF-3-1920x1080.jpeg 1920w, https:\/\/remorauscher.at\/projekt-lina\/wp-content\/uploads\/2025\/11\/251127_BAAF-3-720x405.jpeg 720w, https:\/\/remorauscher.at\/projekt-lina\/wp-content\/uploads\/2025\/11\/251127_BAAF-3-580x326.jpeg 580w, https:\/\/remorauscher.at\/projekt-lina\/wp-content\/uploads\/2025\/11\/251127_BAAF-3-320x180.jpeg 320w\" sizes=\"auto, (max-width: 1024px) 100vw, 1024px\" \/><\/figure>\n\n\n\n<p>Freitags sitze ich alleine im Zug. Nico und Franka haben schon Pl\u00e4ne und die Heimfahrt konnte ich mit Kolleginnen aus Linz kombinieren, die bei der Verleihung mit der interaktiven Installation <a href=\"https:\/\/www.baaf.at\/project\/installation-der-theaterautomat\">Der Theaterautomat<\/a> f\u00fcr Aufsehen sorgen. Ein lokal laufender Bildgenerator spiegelt die Person vor der Kamera und generiert ein lebendiges Gem\u00e4lde. Man kann zwischen verschiedenen Klassikern, wie Kafka oder Schwanensee w\u00e4hlen und das Publikum interagiert verspielt und interessiert. Ein Projekt, das an der Schnittstelle des Zeitgeists zum Medium forscht und hier von Fachleuten R\u00fcckmeldungen sucht. Ein heiteres Spiel, wo der humoristische Reiz wohl an der Auslotung der technischen Grenzen liegt.<\/p>\n\n\n\n<p>Und meine Vermutung bewahrheitet sich gleich zu Beginn der Verleihung. Die wohl spontan nach dem Screening am Mittwoch ausgez\u00e4hlten Stimmen des Saal-Votings f\u00fchren zum Publikumspreis in der zugeh\u00f6rigen Kategorie. Und die Ehre ist gro\u00df, hier vor so vielen professionellen Kolleg:innen f\u00fcr die Anerkennung zu danken. Und ich sp\u00fcre die Stimmen des Films hinter mir, die da so mutig und ehrlich ihre Geschichte zur Verf\u00fcgung gestellt haben. Im Namen aller Beteiligten nehme ich die Urkunde entgegen und plappere ein paar S\u00e4tze ins Mikrofon. Applaus.<\/p>\n\n\n\n<p>Meine Sitznachbarin Irene klopft mir freudig auf die Schulter und bietet mir sogleich Fotos an, die sie mit dem Handy ihres Partner gemacht hat. Es folgen die weiteren Publikumspreise und die Stimmung im Saal schaukelt sich nach oben. Die Jury wird vorgestellt und darf sich am Rand der Leinwand an einen Tisch setzen, um die Statements f\u00fcr die Hauptpreise zu verlesen. Nach den ersten zwei S\u00e4tzen wird mir mulmig. Sie beschreiben Lina. Sie heben die Stimmen hervor, deren Kraft und Notwendigkeit. Die Feinf\u00fchligkeit der Bilder und des Films allgemein. Ich kann es kaum fassen und werde aufgerufen. Der Hauptpreis f\u00fcr die Beste Narrative Arbeit. Ich schlurfe nach vorne und fl\u00fcstere Sabine zu, dass ich mich doch nicht zweimal bedanken k\u00f6nne. Sie verneint und schubst mich ins Rampenlicht. Der Moment l\u00e4sst innehalten und die Stimme zittern leicht. Ich gestehe mit Blick zur Jury, dass auch ich immer noch sehr emotional auf den Film reagiere, egal wie oft ich ihn schon sehen durfte. Ich empfange zustimmendes Nicken, sehe ob des Gegenlichts kaum Gesichter im Publikum, sp\u00fcre aber dass sich die Gedanken \u00fcbertragen. Der Moment der Ber\u00fchrung wohnt Lina inne, gepaart mit der unmittelbaren Realit\u00e4t der Thematik. Ein Momentum, das wohl angekommen ist. Beim Publikum und der Fachjury gleicherma\u00dfen. Das bedeutet sehr viel f\u00fcr das pers\u00f6nliche Schaffen, das meist im stillen K\u00e4mmerlein stattfindet. Ein solcher R\u00fcckenwind hat die Kraft weiterzutragen und zu motivieren.<\/p>\n\n\n\n<figure class=\"wp-block-gallery has-nested-images columns-default is-cropped wp-block-gallery-1 is-layout-flex wp-block-gallery-is-layout-flex\">\n<figure class=\"wp-block-image size-large\"><img loading=\"lazy\" decoding=\"async\" width=\"1024\" height=\"576\" data-id=\"2084\" src=\"https:\/\/remorauscher.at\/projekt-lina\/wp-content\/uploads\/2025\/11\/251127_BAAF-2-1-1024x576.jpeg\" alt=\"\" class=\"wp-image-2084\" srcset=\"https:\/\/remorauscher.at\/projekt-lina\/wp-content\/uploads\/2025\/11\/251127_BAAF-2-1-1024x576.jpeg 1024w, https:\/\/remorauscher.at\/projekt-lina\/wp-content\/uploads\/2025\/11\/251127_BAAF-2-1-300x169.jpeg 300w, https:\/\/remorauscher.at\/projekt-lina\/wp-content\/uploads\/2025\/11\/251127_BAAF-2-1-768x432.jpeg 768w, https:\/\/remorauscher.at\/projekt-lina\/wp-content\/uploads\/2025\/11\/251127_BAAF-2-1-1536x864.jpeg 1536w, https:\/\/remorauscher.at\/projekt-lina\/wp-content\/uploads\/2025\/11\/251127_BAAF-2-1-2048x1152.jpeg 2048w, https:\/\/remorauscher.at\/projekt-lina\/wp-content\/uploads\/2025\/11\/251127_BAAF-2-1-1920x1080.jpeg 1920w, https:\/\/remorauscher.at\/projekt-lina\/wp-content\/uploads\/2025\/11\/251127_BAAF-2-1-720x405.jpeg 720w, https:\/\/remorauscher.at\/projekt-lina\/wp-content\/uploads\/2025\/11\/251127_BAAF-2-1-580x326.jpeg 580w, https:\/\/remorauscher.at\/projekt-lina\/wp-content\/uploads\/2025\/11\/251127_BAAF-2-1-320x180.jpeg 320w\" sizes=\"auto, (max-width: 1024px) 100vw, 1024px\" \/><\/figure>\n\n\n\n<figure class=\"wp-block-image size-large\"><img loading=\"lazy\" decoding=\"async\" width=\"1024\" height=\"576\" data-id=\"2085\" src=\"https:\/\/remorauscher.at\/projekt-lina\/wp-content\/uploads\/2025\/11\/251127_BAAF-1-1024x576.jpeg\" alt=\"\" class=\"wp-image-2085\" srcset=\"https:\/\/remorauscher.at\/projekt-lina\/wp-content\/uploads\/2025\/11\/251127_BAAF-1-1024x576.jpeg 1024w, https:\/\/remorauscher.at\/projekt-lina\/wp-content\/uploads\/2025\/11\/251127_BAAF-1-300x169.jpeg 300w, https:\/\/remorauscher.at\/projekt-lina\/wp-content\/uploads\/2025\/11\/251127_BAAF-1-768x432.jpeg 768w, https:\/\/remorauscher.at\/projekt-lina\/wp-content\/uploads\/2025\/11\/251127_BAAF-1-1536x864.jpeg 1536w, https:\/\/remorauscher.at\/projekt-lina\/wp-content\/uploads\/2025\/11\/251127_BAAF-1-2048x1152.jpeg 2048w, https:\/\/remorauscher.at\/projekt-lina\/wp-content\/uploads\/2025\/11\/251127_BAAF-1-1920x1080.jpeg 1920w, https:\/\/remorauscher.at\/projekt-lina\/wp-content\/uploads\/2025\/11\/251127_BAAF-1-720x405.jpeg 720w, https:\/\/remorauscher.at\/projekt-lina\/wp-content\/uploads\/2025\/11\/251127_BAAF-1-580x326.jpeg 580w, https:\/\/remorauscher.at\/projekt-lina\/wp-content\/uploads\/2025\/11\/251127_BAAF-1-320x180.jpeg 320w\" sizes=\"auto, (max-width: 1024px) 100vw, 1024px\" \/><\/figure>\n<\/figure>\n\n\n\n<p>Die restlichen Preistr\u00e4ger:innen realisiere ich kaum. Zu sehr \u00fcberwiegt die Freude und Fassungslosigkeit. Wir werden zum Gruppenfoto gebeten und ich begegne nochmal kurz den Jurymitgliedern. Erneut bekr\u00e4ftigen sie ihre Zustimmung und haben noch Fragen zur Herkunft der Interviews. Durch den Fotografen werden wir leider unterbrochen und wir formieren uns vor dem Hintergrund. Ein langb\u00e4rtiger Rocker in roter Lederjacke steht auf dem Podest direkt neben mir und kommentiert sein N\u00e4herkommen mit: &#8220;Ich ber\u00fchre Sie jetzt nur dienstlich, Kollege.&#8221; Wir grinsen beide in Richtung Linse und halten unsere Urkunden hoch. Danach unterhalte ich mich noch lange mit Markus und seinem Begleiter, der ebenfalls Markus hei\u00dft. Ihr Musikvideo wurde pr\u00e4miert und wir tauschen uns aus. Haben eine Vielzahl an synchroner Gedanken \u00fcber die Szene, die Arbeit und die Welt. Ein traumhaft quirliger Geist, dem man gerne zuh\u00f6rt, weil er aus dem echten Leben spricht. Die zehn Jahre als Fotograf beim Bundesheer haben ihn dazu getrieben, sich endlich wieder mal zu sammeln. Denn das unabh\u00e4ngige Arbeiten traut mich sich ja oft selbst nicht zu, wenn das gesellschaftliche Narrativ dagegen spricht. Und auch die finanziellen Limitierungen lassen einem ja oft keine andere Wahl. Irgendwo muss man ja immer irgendwie auch Geld verdienen und da hilft die Ausbildung beim Animation Mentor oft wenig. Aber heute ist er dankbar, dass er durch diese Umwege wieder ein St\u00fcck n\u00e4her zu sich selbst gefunden hat und ist voll auf begeistert hier so viele Gleichsinnige zu finden. Er entschuldigt sich f\u00fcr seine Redseligkeit und wir tauschen Nummern aus.<\/p>\n\n\n\n<figure class=\"wp-block-pullquote\"><blockquote><p>Es gibt Filme, die uns begleiten und lange in uns nachhallen. Werke, die uns &lt;ef \u00fcber unser eigenes Leben nachdenken lassen. Manche sagen, dass genau dies die Aufgabe der Kunst sei: uns eine Situa&lt;on erleben und f\u00fchlen zu lassen, sodass sie uns ber\u00fchrt, ver\u00e4ndert, vielleicht sogar st\u00e4rkt. Auf diese Weise wachsen wir \u2013 und sind wom\u00f6glich ein wenig besser vorbereitet auf die Trag\u00f6dien, die uns begegnen k\u00f6nnen. &#8211; Die Erz\u00e4hlung von Lina tut genau das. Mit einer behutsamen Komposi&lt;on einzelner Geschichten entsteht ein Werk, das zugleich ersch\u00fcJernd und heilend wirkt. Es zeigt uns, wie wir die St\u00fcrme des Lebens durchschreiten k\u00f6nnen.<\/p><cite>Jurybegr\u00fcndung BAAF &#8211; Luiz Cruz<\/cite><\/blockquote><\/figure>\n\n\n\n<p>Noch vor dem Sieger-Screening schlendere ich zur\u00fcck in den Saal und finde dort Peter allein am Laptop sitzend. Ich frage, wie&#8217;s ihm geht und wir plaudern. Er habe mit seiner Partnerin anno dazumals auch einen Abbruch erlebt. Heute sch\u00e4mt er sich f\u00fcr die plumpe erste Reaktion, die ihm im Krankenhaus rausgerutscht ist. Und ja, wir wissen viel zu oft nicht, wie wir angemessen reagieren sollen. Geschweige denn welches Vokabular in solchen Situationen das bessere ist. Er winkt mich etwas zur\u00fcck und meint, wir k\u00f6nnten gern auch \u00fcber etwas Erfreulicheres reden. Immerhin g\u00e4be es heute ja allen Grund zum Feiern. Aber ich beteure, dass mir seine Geschichte viel wichtiger ist, als jedes Networking da drau\u00dfen beim Buffet.<\/p>\n\n\n\n<p>Neben vielen Gl\u00fcckw\u00fcnschen setzen sich gegen Ende des Abends auch nochmal Sabine und Thomas zu mir an den Tisch. Sie sind sehr gl\u00fccklich mit der Entscheidung und g\u00f6nnen dem Film die Pr\u00e4mierung aus vollem Herzen. Die Jury sei sich auch sehr schnell einig gewesen. Und ich danke den beiden an dieser Stelle genauso herzlich f\u00fcr ihr Engagement und die jahrelange Ausdauer, die es bewerkstelligt, dass unsere Filmgattung zu einer wachsenden und nicht wegzudenkenden Spezies der \u00f6sterreichischen Kulturlandschaft geworden ist.<\/p>\n\n\n\n<figure class=\"wp-block-image size-large\"><img loading=\"lazy\" decoding=\"async\" width=\"1024\" height=\"683\" src=\"https:\/\/remorauscher.at\/projekt-lina\/wp-content\/uploads\/2025\/11\/B12A0773_\u00a9FekryHelal_2025_21-BAAF_281125-1024x683.jpg\" alt=\"\" class=\"wp-image-2113\" srcset=\"https:\/\/remorauscher.at\/projekt-lina\/wp-content\/uploads\/2025\/11\/B12A0773_\u00a9FekryHelal_2025_21-BAAF_281125-1024x683.jpg 1024w, https:\/\/remorauscher.at\/projekt-lina\/wp-content\/uploads\/2025\/11\/B12A0773_\u00a9FekryHelal_2025_21-BAAF_281125-300x200.jpg 300w, https:\/\/remorauscher.at\/projekt-lina\/wp-content\/uploads\/2025\/11\/B12A0773_\u00a9FekryHelal_2025_21-BAAF_281125-768x512.jpg 768w, https:\/\/remorauscher.at\/projekt-lina\/wp-content\/uploads\/2025\/11\/B12A0773_\u00a9FekryHelal_2025_21-BAAF_281125-1536x1024.jpg 1536w, https:\/\/remorauscher.at\/projekt-lina\/wp-content\/uploads\/2025\/11\/B12A0773_\u00a9FekryHelal_2025_21-BAAF_281125-720x480.jpg 720w, https:\/\/remorauscher.at\/projekt-lina\/wp-content\/uploads\/2025\/11\/B12A0773_\u00a9FekryHelal_2025_21-BAAF_281125-580x387.jpg 580w, https:\/\/remorauscher.at\/projekt-lina\/wp-content\/uploads\/2025\/11\/B12A0773_\u00a9FekryHelal_2025_21-BAAF_281125-320x213.jpg 320w, https:\/\/remorauscher.at\/projekt-lina\/wp-content\/uploads\/2025\/11\/B12A0773_\u00a9FekryHelal_2025_21-BAAF_281125.jpg 1920w\" sizes=\"auto, (max-width: 1024px) 100vw, 1024px\" \/><figcaption class=\"wp-element-caption\"><strong>\u00a9<\/strong> BAAF 2025<\/figcaption><\/figure>\n\n\n\n<pre class=\"wp-block-code\"><code>Best Austrian Animation Festival - <a href=\"https:\/\/www.baaf.at\/\">www.baaf.at<\/a><\/code><\/pre>\n","protected":false},"excerpt":{"rendered":"<p>Die Vorfreude w\u00e4hrte schon f\u00fcr eine ganze Weile. Lange hatte ich nicht mehr die Chance beim BAAF in Wien dabei zu sein. Zuletzt 2013, wie die Poster bei der Ausstellung von damals berichten. Das Screening am Mittwoch verl\u00e4uft wunderbar. Sehr sympathische und sattelfeste Moderation durch Karo Preuschl. Der Block &#8220;Unabh\u00e4ngige Arbeiten 1 &#8230; \u00fcber die [&hellip;]<\/p>\n","protected":false},"author":1,"featured_media":0,"comment_status":"closed","ping_status":"closed","sticky":false,"template":"","format":"standard","meta":{"iawp_total_views":55,"footnotes":""},"categories":[17],"tags":[20],"class_list":["post-2078","post","type-post","status-publish","format-standard","hentry","category-tagebuch","tag-blog"],"views":285,"_links":{"self":[{"href":"https:\/\/remorauscher.at\/projekt-lina\/wp-json\/wp\/v2\/posts\/2078","targetHints":{"allow":["GET"]}}],"collection":[{"href":"https:\/\/remorauscher.at\/projekt-lina\/wp-json\/wp\/v2\/posts"}],"about":[{"href":"https:\/\/remorauscher.at\/projekt-lina\/wp-json\/wp\/v2\/types\/post"}],"author":[{"embeddable":true,"href":"https:\/\/remorauscher.at\/projekt-lina\/wp-json\/wp\/v2\/users\/1"}],"replies":[{"embeddable":true,"href":"https:\/\/remorauscher.at\/projekt-lina\/wp-json\/wp\/v2\/comments?post=2078"}],"version-history":[{"count":10,"href":"https:\/\/remorauscher.at\/projekt-lina\/wp-json\/wp\/v2\/posts\/2078\/revisions"}],"predecessor-version":[{"id":2114,"href":"https:\/\/remorauscher.at\/projekt-lina\/wp-json\/wp\/v2\/posts\/2078\/revisions\/2114"}],"wp:attachment":[{"href":"https:\/\/remorauscher.at\/projekt-lina\/wp-json\/wp\/v2\/media?parent=2078"}],"wp:term":[{"taxonomy":"category","embeddable":true,"href":"https:\/\/remorauscher.at\/projekt-lina\/wp-json\/wp\/v2\/categories?post=2078"},{"taxonomy":"post_tag","embeddable":true,"href":"https:\/\/remorauscher.at\/projekt-lina\/wp-json\/wp\/v2\/tags?post=2078"}],"curies":[{"name":"wp","href":"https:\/\/api.w.org\/{rel}","templated":true}]}}