{"id":1577,"date":"2024-12-04T15:25:16","date_gmt":"2024-12-04T15:25:16","guid":{"rendered":"https:\/\/remorauscher.at\/projekt-lina\/?p=1577"},"modified":"2024-12-10T14:35:02","modified_gmt":"2024-12-10T14:35:02","slug":"21-ein-platz-fuer-jedes-kind","status":"publish","type":"post","link":"https:\/\/remorauscher.at\/projekt-lina\/2024\/12\/04\/21-ein-platz-fuer-jedes-kind\/","title":{"rendered":"#21 Ein Platz f\u00fcr jedes Kind"},"content":{"rendered":"\n<p>Wie es die vielen Str\u00f6mungen dieses Projekts so oft organisch gestalteten, so lande ich durch eine private Empfehlung fast leichtf\u00fc\u00dfig bei Marion Gruber-M\u00fcller f\u00fcr mein letztes Gespr\u00e4ch vor der Fertigstellung des Filmes. Sie wird mir helfen Vieles abzurunden und gewisse Fragestellungen aus professioneller Sicht zu beleuchten. Dank ihrer Expertise als Klinische- und Gesundheitspsychologin. In dieser Funktion arbeitet sie h\u00e4ufig mit Frauen und Paaren, die derartige Verluste erleben. So wei\u00df sie die diversen Ambivalenzen auf vielen Ebenen zu benennen. Sei es in der Rollenverteilung der Geschlechter, im Gesellschaftlichen oder im klinischen Kontext. Pauschale Ratschl\u00e4ge oder Bewertungen sind hier fehl am Platz, vielmehr braucht es individuelle Betreuung und viel Feingef\u00fchl im Umgang mit Betroffenen. Und ohne Ausnahme pl\u00e4diert sie f\u00fcr das offene Gespr\u00e4ch, weil wir die geistigen Bilder bearbeiten m\u00fcssen, um der emotionalen Komplexit\u00e4t gewachsen zu sein, die einen erreicht, wenn man ein Kind verliert. <br><br>Ich frage sie nach der evolution\u00e4ren Sinnhaftigkeit der Emotion Trauer, nach Methoden im Umgang mit Regenbogengeschwistern und nach m\u00f6glichen Fahrpl\u00e4nen f\u00fcr Au\u00dfenstehende. Und sie betont, dass es kein Richtig und kein Falsch gibt, weil jeder Mensch unterschiedlich durch den Prozess geht. Wichtig ist jedoch immer die Integration des Erlebten in die eigene Biographie, um somit eine reale Wertsch\u00e4tzung zu manifestieren \u2013&nbsp;dem Erlebten ein offizielles Gesicht zu geben. W\u00fcrde Marion die Gelegenheit haben, die Sternenkinder zu befragen, ob sich die Eltern auch unbeschwerte Momente in der Trauerzeit erlauben d\u00fcrfen, ahnt sie ein hundertprozentiges &#8220;Ja&#8221; aus einem undefinierbarem Jenseits.<\/p>\n\n\n\n<hr class=\"wp-block-separator has-alpha-channel-opacity\"\/>\n\n\n\n<figure class=\"wp-block-audio\"><audio controls src=\"https:\/\/remorauscher.at\/projekt-lina\/wp-content\/uploads\/2024\/12\/21-Marion.mp3\"><\/audio><\/figure>\n\n\n\n<hr class=\"wp-block-separator has-alpha-channel-opacity\"\/>\n\n\n\n<pre class=\"wp-block-code\"><code>Das Gespr\u00e4chs-Archiv dieser Webseite f\u00fchrt \u00fcblicherweise l\u00e4ngere Zusammenfassungen der Interviews, was derzeit den zeitlichen Rahmen des Projektes leider \u00fcbersteigt. Daher finden Sie die leicht gek\u00fcrzte Fassung vorerst nur in Audioform.<\/code><\/pre>\n\n\n\n<p><\/p>\n","protected":false},"excerpt":{"rendered":"<p>Wie es die vielen Str\u00f6mungen dieses Projekts so oft organisch gestalteten, so lande ich durch eine private Empfehlung fast leichtf\u00fc\u00dfig bei Marion Gruber-M\u00fcller f\u00fcr mein letztes Gespr\u00e4ch vor der Fertigstellung des Filmes. Sie wird mir helfen Vieles abzurunden und gewisse Fragestellungen aus professioneller Sicht zu beleuchten. Dank ihrer Expertise als Klinische- und Gesundheitspsychologin. In dieser [&hellip;]<\/p>\n","protected":false},"author":1,"featured_media":0,"comment_status":"closed","ping_status":"closed","sticky":false,"template":"","format":"standard","meta":{"iawp_total_views":92,"footnotes":""},"categories":[18],"tags":[],"class_list":["post-1577","post","type-post","status-publish","format-standard","hentry","category-gesprache"],"views":544,"_links":{"self":[{"href":"https:\/\/remorauscher.at\/projekt-lina\/wp-json\/wp\/v2\/posts\/1577","targetHints":{"allow":["GET"]}}],"collection":[{"href":"https:\/\/remorauscher.at\/projekt-lina\/wp-json\/wp\/v2\/posts"}],"about":[{"href":"https:\/\/remorauscher.at\/projekt-lina\/wp-json\/wp\/v2\/types\/post"}],"author":[{"embeddable":true,"href":"https:\/\/remorauscher.at\/projekt-lina\/wp-json\/wp\/v2\/users\/1"}],"replies":[{"embeddable":true,"href":"https:\/\/remorauscher.at\/projekt-lina\/wp-json\/wp\/v2\/comments?post=1577"}],"version-history":[{"count":7,"href":"https:\/\/remorauscher.at\/projekt-lina\/wp-json\/wp\/v2\/posts\/1577\/revisions"}],"predecessor-version":[{"id":1589,"href":"https:\/\/remorauscher.at\/projekt-lina\/wp-json\/wp\/v2\/posts\/1577\/revisions\/1589"}],"wp:attachment":[{"href":"https:\/\/remorauscher.at\/projekt-lina\/wp-json\/wp\/v2\/media?parent=1577"}],"wp:term":[{"taxonomy":"category","embeddable":true,"href":"https:\/\/remorauscher.at\/projekt-lina\/wp-json\/wp\/v2\/categories?post=1577"},{"taxonomy":"post_tag","embeddable":true,"href":"https:\/\/remorauscher.at\/projekt-lina\/wp-json\/wp\/v2\/tags?post=1577"}],"curies":[{"name":"wp","href":"https:\/\/api.w.org\/{rel}","templated":true}]}}